{"id":49,"date":"2019-05-13T22:10:40","date_gmt":"2019-05-13T20:10:40","guid":{"rendered":"https:\/\/www.gruene-davos.ch\/?p=49"},"modified":"2019-05-13T22:10:40","modified_gmt":"2019-05-13T20:10:40","slug":"abstimmungsparolen-fuer-den-19-mai-2019","status":"publish","type":"post","link":"https:\/\/www.gruene-davos.ch\/index.php\/2019\/05\/13\/abstimmungsparolen-fuer-den-19-mai-2019\/","title":{"rendered":"Abstimmungsparolen f\u00fcr den 19. Mai 2019"},"content":{"rendered":"<p><span style=\"text-decoration: underline;\"><strong>Vorlagen auf Bundesebene<\/strong><\/span><\/p>\n<ul>\n<li>Bundesgesetz \u00fcber die Steuerreform und die AHV-Finanzierung (STAF): NEIN<\/li>\n<li>Umsetzung einer \u00c4nderung der EU-Waffenrichtlinie (Weiterentwicklung von Schengen): JA<\/li>\n<\/ul>\n<p><span style=\"text-decoration: underline;\"><strong>Vorlagen auf kantonaler Ebene<\/strong><\/span><\/p>\n<ul>\n<li>Volksinitiative zur Abschaffung der Sonderjagd (Sonderjagdinitiative): JA<\/li>\n<\/ul>\n<p><span style=\"text-decoration: underline;\"><strong>Vorlagen auf Verbandsebene<\/strong><\/span><\/p>\n<ul>\n<li>Neuorganisation des Gemeindeverbands f\u00fcr Abfallentsorgung in Graub\u00fcnden (GEVAG): Aufl\u00f6sung des Gemeindeverbands GEVAG: JA<\/li>\n<li>Neuorganisation des Gemeindeverbands f\u00fcr Abfallentsorgung in Graub\u00fcnden (GEVAG): Neugr\u00fcndung einer \u00f6ffentlich-rechtlichen Anstalt GEVAG: JA<\/li>\n<\/ul>\n<p><span style=\"text-decoration: underline;\"><strong>Vorlagen auf kommunaler Ebene<\/strong><\/span><\/p>\n<ul>\n<li>Gesetz \u00fcber Zweitwohnungen der Gemeinde Davos: NEIN<\/li>\n<li>Teilrevision der Ortsplanung zur AO-Foundation \/ AO-Forschungsinstitut: JA<\/li>\n<li>Erweiterung des Schulhauses B\u00fcnda: JA<\/li>\n<li>Ersatzwahl Grosser Landrat: Wahlempfehlung Hans Vetsch<\/li>\n<\/ul>\n<p><span style=\"text-decoration: underline;\"><strong>Nein zum Zweitwohnungsgesetz<\/strong><\/span><\/p>\n<p>Die Gr\u00fcnen Davos sagen Nein zum Zweitwohnungsgesetz, da darin die Umnutzung der altrechtlichen Erstwohnungen in Zweitwohnungen zuwenig (bis gar nicht) geregelt wird. F\u00fcr die Umnutzung ist mindestens ein j\u00e4hrliches Kontingent einzuf\u00fchren, dessen H\u00f6he regelm\u00e4ssig zu \u00fcberpr\u00fcfen ist.<\/p>\n","protected":false},"excerpt":{"rendered":"<p>Vorlagen auf Bundesebene Bundesgesetz \u00fcber die Steuerreform und die AHV-Finanzierung (STAF): NEIN Umsetzung einer \u00c4nderung der EU-Waffenrichtlinie (Weiterentwicklung von Schengen): JA Vorlagen auf kantonaler Ebene Volksinitiative zur Abschaffung der Sonderjagd (Sonderjagdinitiative): JA Vorlagen auf Verbandsebene Neuorganisation des Gemeindeverbands f\u00fcr Abfallentsorgung in Graub\u00fcnden (GEVAG): Aufl\u00f6sung des Gemeindeverbands GEVAG: JA Neuorganisation des Gemeindeverbands f\u00fcr Abfallentsorgung in Graub\u00fcnden [&hellip;] <a class=\"read-more\" href=\"https:\/\/www.gruene-davos.ch\/index.php\/2019\/05\/13\/abstimmungsparolen-fuer-den-19-mai-2019\/\">&raquo;&nbsp;Weiterlesen<\/a><\/p>\n","protected":false},"author":1,"featured_media":0,"comment_status":"closed","ping_status":"closed","sticky":false,"template":"","format":"standard","meta":[],"categories":[1],"tags":[],"_links":{"self":[{"href":"https:\/\/www.gruene-davos.ch\/index.php\/wp-json\/wp\/v2\/posts\/49"}],"collection":[{"href":"https:\/\/www.gruene-davos.ch\/index.php\/wp-json\/wp\/v2\/posts"}],"about":[{"href":"https:\/\/www.gruene-davos.ch\/index.php\/wp-json\/wp\/v2\/types\/post"}],"author":[{"embeddable":true,"href":"https:\/\/www.gruene-davos.ch\/index.php\/wp-json\/wp\/v2\/users\/1"}],"replies":[{"embeddable":true,"href":"https:\/\/www.gruene-davos.ch\/index.php\/wp-json\/wp\/v2\/comments?post=49"}],"version-history":[{"count":1,"href":"https:\/\/www.gruene-davos.ch\/index.php\/wp-json\/wp\/v2\/posts\/49\/revisions"}],"predecessor-version":[{"id":50,"href":"https:\/\/www.gruene-davos.ch\/index.php\/wp-json\/wp\/v2\/posts\/49\/revisions\/50"}],"wp:attachment":[{"href":"https:\/\/www.gruene-davos.ch\/index.php\/wp-json\/wp\/v2\/media?parent=49"}],"wp:term":[{"taxonomy":"category","embeddable":true,"href":"https:\/\/www.gruene-davos.ch\/index.php\/wp-json\/wp\/v2\/categories?post=49"},{"taxonomy":"post_tag","embeddable":true,"href":"https:\/\/www.gruene-davos.ch\/index.php\/wp-json\/wp\/v2\/tags?post=49"}],"curies":[{"name":"wp","href":"https:\/\/api.w.org\/{rel}","templated":true}]}}