{"id":46,"date":"2018-11-14T21:52:39","date_gmt":"2018-11-14T20:52:39","guid":{"rendered":"https:\/\/www.gruene-davos.ch\/?p=46"},"modified":"2018-11-14T21:52:39","modified_gmt":"2018-11-14T20:52:39","slug":"abstimmungsparolen-fuer-den-25-november-2018","status":"publish","type":"post","link":"https:\/\/www.gruene-davos.ch\/index.php\/2018\/11\/14\/abstimmungsparolen-fuer-den-25-november-2018\/","title":{"rendered":"Abstimmungsparolen f\u00fcr den 25. November 2018"},"content":{"rendered":"<p><strong>Kommunale Vorlagen:<\/strong><\/p>\n<p>\u00b7\u00a0\u00a0\u00a0\u00a0\u00a0\u00a0\u00a0\u00a0 Ortszentrum Arkaden:\u00a0 \u00a0 \u00a0 \u00a0 \u00a0 \u00a0 \u00a0 \u00a0 \u00a0 \u00a0 \u00a0 \u00a0 \u00a0 \u00a0 \u00a0 \u00a0 \u00a0 \u00a0 \u00a0 \u00a0 \u00a0 \u00a0 \u00a0 \u00a0 \u00a0 \u00a0 \u00a0 \u00a0 \u00a0NEIN<\/p>\n<p>\u00b7\u00a0\u00a0\u00a0\u00a0\u00a0\u00a0\u00a0\u00a0 Anpassung Davosersee-Konzession:\u00a0\u00a0\u00a0\u00a0\u00a0\u00a0\u00a0\u00a0\u00a0\u00a0\u00a0\u00a0\u00a0\u00a0\u00a0\u00a0\u00a0\u00a0\u00a0\u00a0\u00a0\u00a0\u00a0\u00a0\u00a0\u00a0\u00a0\u00a0\u00a0\u00a0\u00a0\u00a0\u00a0\u00a0\u00a0\u00a0\u00a0 JA<\/p>\n<p>\u00b7\u00a0\u00a0\u00a0\u00a0\u00a0\u00a0\u00a0\u00a0 \u00dcbertragung Ableitungskonzession:\u00a0 \u00a0 \u00a0 \u00a0 \u00a0 \u00a0 \u00a0 \u00a0 \u00a0 \u00a0 \u00a0 \u00a0 \u00a0 \u00a0 \u00a0 \u00a0 \u00a0 \u00a0 \u00a0 \u00a0JA<\/p>\n<p>\u00b7\u00a0\u00a0\u00a0\u00a0\u00a0\u00a0\u00a0\u00a0 Teilrevision Ortsplanung Pal\u00fcda:\u00a0\u00a0\u00a0\u00a0\u00a0\u00a0\u00a0\u00a0\u00a0\u00a0\u00a0\u00a0\u00a0\u00a0\u00a0\u00a0\u00a0\u00a0\u00a0\u00a0\u00a0\u00a0\u00a0\u00a0\u00a0\u00a0\u00a0\u00a0\u00a0\u00a0\u00a0\u00a0\u00a0\u00a0\u00a0\u00a0\u00a0\u00a0\u00a0\u00a0\u00a0\u00a0 JA<\/p>\n<p>\u00b7\u00a0\u00a0\u00a0\u00a0\u00a0\u00a0\u00a0\u00a0 Ersatzwahl Kleiner Landrat\u00a0\u00a0\u00a0\u00a0\u00a0\u00a0 :\u00a0 \u00a0 \u00a0 \u00a0 \u00a0 \u00a0 \u00a0 \u00a0 \u00a0 \u00a0 \u00a0 \u00a0 \u00a0 \u00a0 \u00a0 \u00a0 \u00a0 \u00a0 \u00a0 \u00a0 \u00a0 \u00a0Christian Stricker<\/p>\n<p>&nbsp;<\/p>\n<p><strong>Kantonale Vorlagen:<\/strong><\/p>\n<p>\u00b7\u00a0\u00a0\u00a0\u00a0\u00a0\u00a0\u00a0\u00a0 Initiative Mitsprache bei Bildungsfragen:\u00a0\u00a0\u00a0\u00a0\u00a0\u00a0\u00a0\u00a0\u00a0\u00a0 \u00a0\u00a0\u00a0\u00a0\u00a0\u00a0\u00a0\u00a0\u00a0\u00a0\u00a0\u00a0\u00a0\u00a0\u00a0\u00a0\u00a0\u00a0\u00a0\u00a0\u00a0\u00a0\u00a0\u00a0\u00a0\u00a0\u00a0\u00a0\u00a0\u00a0\u00a0 NEIN<\/p>\n<p>\u00b7\u00a0\u00a0\u00a0\u00a0\u00a0\u00a0\u00a0\u00a0 Initiative Mitsprache bei Lehrpl\u00e4nen:\u00a0 \u00a0 \u00a0 \u00a0 \u00a0 \u00a0 \u00a0 \u00a0 \u00a0 \u00a0 \u00a0 \u00a0 \u00a0 \u00a0 \u00a0 \u00a0 \u00a0 \u00a0 \u00a0 \u00a0 \u00a0 \u00a0 \u00a0 \u00a0 NEIN<\/p>\n<p>&nbsp;<\/p>\n<p><strong>Nationale Vorlagen:<\/strong><\/p>\n<p>\u00b7\u00a0\u00a0\u00a0\u00a0\u00a0\u00a0\u00a0\u00a0 Hornkuhinitiative: \u00a0\u00a0\u00a0\u00a0\u00a0\u00a0\u00a0\u00a0\u00a0\u00a0\u00a0\u00a0\u00a0\u00a0\u00a0\u00a0\u00a0\u00a0\u00a0\u00a0\u00a0\u00a0\u00a0 \u00a0\u00a0\u00a0\u00a0\u00a0\u00a0\u00a0\u00a0\u00a0\u00a0\u00a0\u00a0\u00a0\u00a0\u00a0 \u00a0\u00a0\u00a0\u00a0\u00a0\u00a0\u00a0\u00a0\u00a0\u00a0\u00a0\u00a0\u00a0\u00a0\u00a0 JA<\/p>\n<p>\u00b7\u00a0\u00a0\u00a0\u00a0\u00a0\u00a0\u00a0\u00a0 Selbstbestimmungsinitiative:\u00a0 \u00a0 \u00a0 \u00a0 \u00a0 \u00a0 \u00a0 \u00a0 \u00a0 \u00a0 \u00a0 \u00a0 \u00a0 \u00a0 \u00a0 \u00a0 \u00a0 \u00a0 \u00a0 \u00a0 \u00a0NEIN<\/p>\n<p>\u00b7\u00a0\u00a0\u00a0\u00a0\u00a0\u00a0\u00a0\u00a0 Versicherungsdetektive:\u00a0 \u00a0 \u00a0 \u00a0 \u00a0 \u00a0 \u00a0 \u00a0 \u00a0 \u00a0 \u00a0 \u00a0 \u00a0 \u00a0 \u00a0 \u00a0 \u00a0 \u00a0 \u00a0 \u00a0 \u00a0 \u00a0 \u00a0 \u00a0 NEIN<\/p>\n<p>&nbsp;<\/p>\n<p><strong>Nein zum faulen Arkaden-Deal<\/strong><\/p>\n<p>Die Gr\u00fcnen Davos sagen Nein zum faulen Arkaden-Deal. Es wird wohl begr\u00fcsst, dass die Parkpl\u00e4tze auf dem Arkadenplatz verschwinden sollen und der Platz zur Begegnungszone umgestaltet werden kann. Es ist aber unn\u00f6tig, dass diese Umgestaltung mit dem Bau einer Dreifachturnhalle f\u00fcr die Schule im Platz verkn\u00fcpft wird. Unn\u00f6tig ist es auch, dass die Anzahl der Parkpl\u00e4tze im Ortszentrum durch den Bau eines Parkhauses noch erh\u00f6ht wird. Mittlerweile gelten Ortszentren ohne Autoverkehr und folglich auch ohne Parkplatzangebot als fortschrittlich. Als fahrl\u00e4ssig wird die geplante Erschliessung des Parkhauses \u00fcber die Guggerbach- und Schulsstrasse erachtet. So etwas darf nicht sein. Weiter sind die Gr\u00fcnen verwundert, dass eine Begegnungszone so gestaltet werden muss, dass sie mit 40-T\u00f6nnern befahren werden kann. Eine Begegnunszone soll nicht als Lastwagenparkplatz zweckentfremdet werden k\u00f6nnen, sondern soll zu allen Jahreszeiten frei zug\u00e4nglich sein. Verwundert sind die Gr\u00fcnen dar\u00fcber, dass in der Abstimmungsbotschaft der geplante GKB-Neubau als \u00abl\u00e4rmsensibel\u00bb bezeichnet wird, und das ausgerechnet im Ortszentrum und im Bermudadreick des Davoser Nachtlebens! Wo soll die Davoser Jugend ihre Lebensfreude denn anders kundtun als in einer Begegnungszone im Ortszentum? Plant der Landrat etwa eine Begegnunszone mit Ruhevorschrift? Schade finden die Gr\u00fcnen Davos auch, dass der geplante Kulturraum den Arkadenplatz gegen Osten abschliesst. Mit etwas mehr politischem Willen und Verhandlungsgeschick, w\u00e4re es gewiss m\u00f6glich gewesen, diesen im GKB-Neubau unterzubringen. Unseren Gemeindebeh\u00f6rden ist es leider nicht gelungen, eine qualitiative hochstehende L\u00f6sung zu erarbeiten. Einmal mehr wird den Stimmb\u00fcrgerinnen und Stimmb\u00fcrgern die 7. oder 8.-beste der m\u00f6glichen L\u00f6sungen unterbreitet und mit schon seit langem herausgez\u00f6gerten Sanierungsarbeiten der Arkadenturnhalle gedroht. Fazit der Gr\u00fcnen ist Note ungen\u00fcgend und zur\u00fcck zum Absender. Lieber noch etwas auf eine Begegnungszone warten, daf\u00fcr etwas gescheites erhalten. Zu den weiteren kommunalen Vorlagen sagen der Gr\u00fcnen Davos Ja.<\/p>\n<p><strong>Nein zur Verpolitisierung der Schule<\/strong><\/p>\n<p>Zu den kantonalen Intiativen zur Mitbestimmung bei Schulangelegenheiten, seien dies Lehrpl\u00e4ne oder andere Bildungsfragen sagen die Gr\u00fcnen Davos Nein. Schulangelegenheiten sollten in erster Linie in der Kompetenz ausgebildeten Fachpersonen liegen. \u00dc ber die heutigen Strukturen ist bereits eine politische Einflussnahme m\u00f6glich. Eine weitere Politisierung dieser Angelegenheiten w\u00fcrde den Handlungsspielraum der Experten einschr\u00e4nken und die Qualit\u00e4t der Bildung tendenziell verschlechtern.<\/p>\n<p><strong>Ja zu K\u00fchen mit H\u00f6rnern, Nein zu Versicherungsschn\u00fcfflern<\/strong><\/p>\n<p>Ja sagen die Gr\u00fcnen Davos zur Hornhkuhinitiative, auch wenn es Stimmen gab, die lieber ein generelles Enthornungsverbot gehabt h\u00e4tten statt der in der Initiative geforderten freiwilligen Massnahmen. Die Gr\u00fcnen Davos sagen NEIN zu den Versicherungsdetektiven, deren Befugnisse nach Annahme des Gesetzes weiter gehen w\u00fcrden, als diejenigen von Polizeipersonen. Es ist stossend, dass wieder einmal Politik auf dem Buckel der Schw\u00e4chsten der Gesellschaft gemacht wird. Mitmenschen die an Krankheiten leiden und auf eine Rente angwiesen sind, werden schon genug stigmatisiert. Zur Selbstbestimmungsinitiative sagen die Gr\u00fcnen Davos ebenfalls Nein. Gerade Beispiele wie der Klimawandel zeigen, dass wir mit einer isolationistischen Politik, wie diese von der SVP gefordert wird, nicht weiter kommen.<\/p>\n","protected":false},"excerpt":{"rendered":"<p>Kommunale Vorlagen: \u00b7\u00a0\u00a0\u00a0\u00a0\u00a0\u00a0\u00a0\u00a0 Ortszentrum Arkaden:\u00a0 \u00a0 \u00a0 \u00a0 \u00a0 \u00a0 \u00a0 \u00a0 \u00a0 \u00a0 \u00a0 \u00a0 \u00a0 \u00a0 \u00a0 \u00a0 \u00a0 \u00a0 \u00a0 \u00a0 \u00a0 \u00a0 \u00a0 \u00a0 \u00a0 \u00a0 \u00a0 \u00a0 \u00a0NEIN \u00b7\u00a0\u00a0\u00a0\u00a0\u00a0\u00a0\u00a0\u00a0 Anpassung Davosersee-Konzession:\u00a0\u00a0\u00a0\u00a0\u00a0\u00a0\u00a0\u00a0\u00a0\u00a0\u00a0\u00a0\u00a0\u00a0\u00a0\u00a0\u00a0\u00a0\u00a0\u00a0\u00a0\u00a0\u00a0\u00a0\u00a0\u00a0\u00a0\u00a0\u00a0\u00a0\u00a0\u00a0\u00a0\u00a0\u00a0\u00a0\u00a0 JA \u00b7\u00a0\u00a0\u00a0\u00a0\u00a0\u00a0\u00a0\u00a0 \u00dcbertragung Ableitungskonzession:\u00a0 \u00a0 \u00a0 \u00a0 \u00a0 \u00a0 \u00a0 \u00a0 \u00a0 \u00a0 \u00a0 \u00a0 \u00a0 \u00a0 \u00a0 \u00a0 [&hellip;] <a class=\"read-more\" href=\"https:\/\/www.gruene-davos.ch\/index.php\/2018\/11\/14\/abstimmungsparolen-fuer-den-25-november-2018\/\">&raquo;&nbsp;Weiterlesen<\/a><\/p>\n","protected":false},"author":1,"featured_media":0,"comment_status":"closed","ping_status":"closed","sticky":false,"template":"","format":"standard","meta":[],"categories":[1],"tags":[],"_links":{"self":[{"href":"https:\/\/www.gruene-davos.ch\/index.php\/wp-json\/wp\/v2\/posts\/46"}],"collection":[{"href":"https:\/\/www.gruene-davos.ch\/index.php\/wp-json\/wp\/v2\/posts"}],"about":[{"href":"https:\/\/www.gruene-davos.ch\/index.php\/wp-json\/wp\/v2\/types\/post"}],"author":[{"embeddable":true,"href":"https:\/\/www.gruene-davos.ch\/index.php\/wp-json\/wp\/v2\/users\/1"}],"replies":[{"embeddable":true,"href":"https:\/\/www.gruene-davos.ch\/index.php\/wp-json\/wp\/v2\/comments?post=46"}],"version-history":[{"count":1,"href":"https:\/\/www.gruene-davos.ch\/index.php\/wp-json\/wp\/v2\/posts\/46\/revisions"}],"predecessor-version":[{"id":47,"href":"https:\/\/www.gruene-davos.ch\/index.php\/wp-json\/wp\/v2\/posts\/46\/revisions\/47"}],"wp:attachment":[{"href":"https:\/\/www.gruene-davos.ch\/index.php\/wp-json\/wp\/v2\/media?parent=46"}],"wp:term":[{"taxonomy":"category","embeddable":true,"href":"https:\/\/www.gruene-davos.ch\/index.php\/wp-json\/wp\/v2\/categories?post=46"},{"taxonomy":"post_tag","embeddable":true,"href":"https:\/\/www.gruene-davos.ch\/index.php\/wp-json\/wp\/v2\/tags?post=46"}],"curies":[{"name":"wp","href":"https:\/\/api.w.org\/{rel}","templated":true}]}}