{"id":40,"date":"2018-09-13T21:58:02","date_gmt":"2018-09-13T19:58:02","guid":{"rendered":"https:\/\/www.gruene-davos.ch\/?p=40"},"modified":"2018-09-13T21:58:02","modified_gmt":"2018-09-13T19:58:02","slug":"abstimmungsempfehlungen-fuer-den-23-september-2018","status":"publish","type":"post","link":"https:\/\/www.gruene-davos.ch\/index.php\/2018\/09\/13\/abstimmungsempfehlungen-fuer-den-23-september-2018\/","title":{"rendered":"Abstimmungsempfehlungen f\u00fcr den 23. September 2018"},"content":{"rendered":"<p><strong>Kommunale Vorlagen:<\/strong><\/p>\n<ul>\n<li>Gemeindegarantie f\u00fcr ein NRP-Darlehen Beschneiung Rinerhorn: NEIN<\/li>\n<li>Sicherheitkosten der Jahrestreffen des WEF: NEIN<\/li>\n<li>Teilweise Aufhebung der Fraktionen: JA<\/li>\n<li>Bestattungs-, Krematoriums- und Friedhofsgesetz: JA<\/li>\n<\/ul>\n<p><strong>Kantonale Vorlagen:<\/strong><\/p>\n<ul>\n<li>Fremdspracheninitiative: NEIN<\/li>\n<\/ul>\n<p><strong>Nationale Vorlagen:<\/strong><\/p>\n<ul>\n<li>Fair Food Initiative: JA<\/li>\n<li>Initiative f\u00fcr Ern\u00e4hrungssouver\u00e4nit\u00e4t: JA<\/li>\n<li>Bundesbeschluss \u00fcber die Velo-, Fuss- und Wanderwege: JA<\/li>\n<\/ul>\n","protected":false},"excerpt":{"rendered":"<p>Kommunale Vorlagen: Gemeindegarantie f\u00fcr ein NRP-Darlehen Beschneiung Rinerhorn: NEIN Sicherheitkosten der Jahrestreffen des WEF: NEIN Teilweise Aufhebung der Fraktionen: JA Bestattungs-, Krematoriums- und Friedhofsgesetz: JA Kantonale Vorlagen: Fremdspracheninitiative: NEIN Nationale Vorlagen: Fair Food Initiative: JA Initiative f\u00fcr Ern\u00e4hrungssouver\u00e4nit\u00e4t: JA Bundesbeschluss \u00fcber die Velo-, Fuss- und Wanderwege: JA <a class=\"read-more\" href=\"https:\/\/www.gruene-davos.ch\/index.php\/2018\/09\/13\/abstimmungsempfehlungen-fuer-den-23-september-2018\/\">&raquo;&nbsp;Weiterlesen<\/a><\/p>\n","protected":false},"author":1,"featured_media":0,"comment_status":"closed","ping_status":"closed","sticky":false,"template":"","format":"standard","meta":[],"categories":[1],"tags":[],"_links":{"self":[{"href":"https:\/\/www.gruene-davos.ch\/index.php\/wp-json\/wp\/v2\/posts\/40"}],"collection":[{"href":"https:\/\/www.gruene-davos.ch\/index.php\/wp-json\/wp\/v2\/posts"}],"about":[{"href":"https:\/\/www.gruene-davos.ch\/index.php\/wp-json\/wp\/v2\/types\/post"}],"author":[{"embeddable":true,"href":"https:\/\/www.gruene-davos.ch\/index.php\/wp-json\/wp\/v2\/users\/1"}],"replies":[{"embeddable":true,"href":"https:\/\/www.gruene-davos.ch\/index.php\/wp-json\/wp\/v2\/comments?post=40"}],"version-history":[{"count":1,"href":"https:\/\/www.gruene-davos.ch\/index.php\/wp-json\/wp\/v2\/posts\/40\/revisions"}],"predecessor-version":[{"id":41,"href":"https:\/\/www.gruene-davos.ch\/index.php\/wp-json\/wp\/v2\/posts\/40\/revisions\/41"}],"wp:attachment":[{"href":"https:\/\/www.gruene-davos.ch\/index.php\/wp-json\/wp\/v2\/media?parent=40"}],"wp:term":[{"taxonomy":"category","embeddable":true,"href":"https:\/\/www.gruene-davos.ch\/index.php\/wp-json\/wp\/v2\/categories?post=40"},{"taxonomy":"post_tag","embeddable":true,"href":"https:\/\/www.gruene-davos.ch\/index.php\/wp-json\/wp\/v2\/tags?post=40"}],"curies":[{"name":"wp","href":"https:\/\/api.w.org\/{rel}","templated":true}]}}